{"id":4973,"date":"2020-01-10T08:28:33","date_gmt":"2020-01-10T08:28:33","guid":{"rendered":"https:\/\/novavenda.com\/?p=4973"},"modified":"2023-02-22T16:24:11","modified_gmt":"2023-02-22T16:24:11","slug":"amelioration-des-installations-de-novavenda-a-la-rue-guell-a-girona","status":"publish","type":"post","link":"https:\/\/novavenda.com\/fr\/amelioration-des-installations-de-novavenda-a-la-rue-guell-a-girona\/","title":{"rendered":"AM\u00c9LIORATION DES INSTALLATIONS DE NOVAVENDA \u00c0 LA RUE G\u00dcELL \u00c0 GIRONA"},"content":{"rendered":"\n<p>\u00c0 Novavenda, nous nous engageons \u00e0 continuer d\u2019offrir la meilleure qualit\u00e9 \u00e0 nos clients jour apr\u00e8s jour. Si vous \u00eates un habitu\u00e9 du supermarch\u00e9 Novavenda, situ\u00e9 rue G\u00fcell \u00e0 Girona, vous aurez remarqu\u00e9 des changements diff\u00e9rents dans les sections des produits frais r\u00e9frig\u00e9r\u00e9s et dans la section des fruits et des l\u00e9gumes.<\/p>\n\n\n\n<p>Les am\u00e9liorations ont permis de fournir au&nbsp;<a href=\"https:\/\/novavenda.com\/en\/establishments\/girona-carrer-del-riu-guell-22\/\">supermarch\u00e9<\/a>&nbsp;un espace beaucoup plus large, afin de permettre aux clients de voir et d\u2019acc\u00e9der plus facilement aux produits d\u2019une mani\u00e8re plus confortable.<\/p>\n\n\n\n<p>Premi\u00e8rement, nous avons mis \u00e0 jour les r\u00e9frig\u00e9rateurs r\u00e9frig\u00e9r\u00e9s. Ces composants sont tr\u00e8s importants pour nous, parce que ils nous permettent de conserver les produits les plus d\u00e9licats \u00e0 la temp\u00e9rature id\u00e9ale. Ce changement garantit un changement substantiel dans cette section, qui se poursuit dans la ligne de renouvellement des \u00e9quipements n\u00e9cessaires des supermarch\u00e9s Novavenda.<\/p>\n\n\n\n<p>Deuxi\u00e8mement, dans la section des fruits et l\u00e9gumes a pari\u00e9 par un changement qui offre au client une meilleure visibilit\u00e9 de la totalit\u00e9 du produit, qui consiste en un nouveau meuble de type \u00eelot qui permet de donner un meilleur acc\u00e8s \u00e0 n\u2019importe quel fruit. De plus, l\u2019ancien \u00e9clairage a \u00e9galement \u00e9t\u00e9 remplac\u00e9 par un nouveau, ce qui contribue \u00e0 donner plus de visibilit\u00e9 \u00e0 tous les produits. La mise \u00e0 jour des espaces nous permet de montrer l\u2019essence d\u2019un produit qui sera toujours de qualit\u00e9.<\/p>\n\n\n\n<p>Vous pouvez nous suivre sur nos&nbsp;<a href=\"https:\/\/www.instagram.com\/novavenda_supermercats\/?hl=es\" target=\"_blank\" rel=\"noopener\">r\u00e9seaux sociaux<\/a>&nbsp;o\u00f9 vous pourrez d\u00e9couvrir toutes les derni\u00e8res nouvelles des supermarch\u00e9s Novavenda et nous vous invitons \u00e0 profiter du nouvel espace que nous avons cr\u00e9\u00e9 pour vous.<\/p>\n\n\n\n<div class=\"wp-block-group is-nowrap is-layout-flex wp-container-core-group-is-layout-6c531013 wp-block-group-is-layout-flex\">\n<figure class=\"wp-block-image\"><img decoding=\"async\" src=\"https:\/\/novavenda.com\/wp-content\/uploads\/2021\/03\/WhatsApp-Image-2021-03-04-at-13.12.11-300x225.jpeg\" alt=\"\" class=\"wp-image-5227\"\/><\/figure>\n\n\n\n<div class=\"wp-block-group is-nowrap is-layout-flex wp-container-core-group-is-layout-6c531013 wp-block-group-is-layout-flex\">\n<figure class=\"wp-block-image\"><img decoding=\"async\" src=\"https:\/\/novavenda.com\/wp-content\/uploads\/2021\/03\/WhatsApp-Image-2021-03-04-at-15.16.58-300x225.jpeg\" alt=\"\" class=\"wp-image-5231\"\/><\/figure>\n\n\n\n<figure class=\"wp-block-image\"><img decoding=\"async\" src=\"https:\/\/novavenda.com\/wp-content\/uploads\/2021\/03\/WhatsApp-Image-2021-03-04-at-15.16.34-300x225.jpeg\" alt=\"\" class=\"wp-image-5235\"\/><\/figure>\n<\/div>\n<\/div>\n","protected":false},"excerpt":{"rendered":"<p>\u00c0 Novavenda, nous nous engageons \u00e0 continuer d\u2019offrir la meilleure qualit\u00e9 \u00e0 nos clients jour apr\u00e8s jour. Si vous \u00eates un habitu\u00e9 du supermarch\u00e9 Novavenda, situ\u00e9 rue G\u00fcell \u00e0 Girona, vous aurez remarqu\u00e9 des changements diff\u00e9rents dans les sections des produits frais r\u00e9frig\u00e9r\u00e9s et dans la section des fruits et des l\u00e9gumes. Les am\u00e9liorations ont [&hellip;]<\/p>\n","protected":false},"author":1,"featured_media":5150,"comment_status":"closed","ping_status":"open","sticky":false,"template":"","format":"standard","meta":{"_acf_changed":false,"inline_featured_image":false,"footnotes":""},"categories":[21],"tags":[],"class_list":["post-4973","post","type-post","status-publish","format-standard","has-post-thumbnail","hentry","category-non-classifiee"],"acf":[],"_links":{"self":[{"href":"https:\/\/novavenda.com\/fr\/wp-json\/wp\/v2\/posts\/4973","targetHints":{"allow":["GET"]}}],"collection":[{"href":"https:\/\/novavenda.com\/fr\/wp-json\/wp\/v2\/posts"}],"about":[{"href":"https:\/\/novavenda.com\/fr\/wp-json\/wp\/v2\/types\/post"}],"author":[{"embeddable":true,"href":"https:\/\/novavenda.com\/fr\/wp-json\/wp\/v2\/users\/1"}],"replies":[{"embeddable":true,"href":"https:\/\/novavenda.com\/fr\/wp-json\/wp\/v2\/comments?post=4973"}],"version-history":[{"count":0,"href":"https:\/\/novavenda.com\/fr\/wp-json\/wp\/v2\/posts\/4973\/revisions"}],"wp:featuredmedia":[{"embeddable":true,"href":"https:\/\/novavenda.com\/fr\/wp-json\/wp\/v2\/media\/5150"}],"wp:attachment":[{"href":"https:\/\/novavenda.com\/fr\/wp-json\/wp\/v2\/media?parent=4973"}],"wp:term":[{"taxonomy":"category","embeddable":true,"href":"https:\/\/novavenda.com\/fr\/wp-json\/wp\/v2\/categories?post=4973"},{"taxonomy":"post_tag","embeddable":true,"href":"https:\/\/novavenda.com\/fr\/wp-json\/wp\/v2\/tags?post=4973"}],"curies":[{"name":"wp","href":"https:\/\/api.w.org\/{rel}","templated":true}]}}